{"id":2541,"date":"2024-09-11T13:08:28","date_gmt":"2024-09-11T11:08:28","guid":{"rendered":"https:\/\/efd-studios.com\/spain\/?p=2541"},"modified":"2024-09-16T15:53:19","modified_gmt":"2024-09-16T13:53:19","slug":"la-coproduccion-de-efd-casi-el-paraiso-se-estrena-el-12-de-septiembres-en-cines-mexicanos","status":"publish","type":"post","link":"https:\/\/efd-studios.com\/es\/actualidad\/la-coproduccion-de-efd-casi-el-paraiso-se-estrena-el-12-de-septiembres-en-cines-mexicanos\/","title":{"rendered":"La coproducci\u00f3n de EFD \u201cCasi el Para\u00edso\u201d se estrena el 12 de septiembres en cines mexicanos"},"content":{"rendered":"<p><span style=\"font-weight: 400;\">En 1956, Luis Spota escribi\u00f3 el primer gran best seller mexicano, <b>Casi el Para\u00edso<\/b><b>,<\/b><span style=\"font-weight: 400;\"> como un intento de reflejar un M\u00e9xico marcado por la corrupci\u00f3n, el poder y la ambici\u00f3n. 68 a\u00f1os despu\u00e9s, la esperada adaptaci\u00f3n cinematogr\u00e1fica finalmente llega a las salas, en una<b> coproducci\u00f3n de Film Tank, Interlinea Films, Cin\u00e9polis Distribuci\u00f3n, Telemundo Studios y EFD en asociaci\u00f3n con The Lift. <\/b><\/span><\/span><\/p>\n<p><iframe loading=\"lazy\" title=\"CASI EL PARA\u00cdSO | TR\u00c1ILER\" src=\"https:\/\/www.youtube.com\/embed\/1Pr9aMv4ya0\" width=\"100%\" height=\"720\" frameborder=\"0\" allowfullscreen=\"allowfullscreen\"><span data-mce-type=\"bookmark\" style=\"display: inline-block; width: 0px; overflow: hidden; line-height: 0;\" class=\"mce_SELRES_start\">\ufeff<\/span><\/iframe><\/p>\n<p><span style=\"font-weight: 400;\">Este mes de septiembre nos trae uno de los estrenos m\u00e1s esperados del a\u00f1o para el cine mexicano. Dirigida por <b>Edgar San Juan<\/b><span style=\"font-weight: 400;\"> y con un elenco estelar encabezado por <b>Karol Sevilla <\/b><span style=\"font-weight: 400;\">(<span style=\"font-weight: 400;\">Soy Luna, Siempre fui yo<span style=\"font-weight: 400;\">), <b>Andrea Arcangeli <\/b><span style=\"font-weight: 400;\">(R<span style=\"font-weight: 400;\">omulus, La primera profec\u00eda<span style=\"font-weight: 400;\">), <b>Miguel Rodarte <\/b><span style=\"font-weight: 400;\">(<span style=\"font-weight: 400;\">Destilando M\u00e9xico, Tiempo Compartido<span style=\"font-weight: 400;\">) y <b>Esmeralda Pimentel <\/b><span style=\"font-weight: 400;\">(<span style=\"font-weight: 400;\">El Color de la Pasi\u00f3n, Cachito de Cielo<span style=\"font-weight: 400;\">), la pel\u00edcula promete una nueva mirada a esta obra cl\u00e1sica. <\/span><\/span><\/span><\/span><\/span><\/span><\/span><\/span><\/span><\/span><\/span><\/span><\/span><\/span><\/p>\n<p><span style=\"font-weight: 400;\"><span style=\"font-weight: 400;\"><span style=\"font-weight: 400;\"><span style=\"font-weight: 400;\"><span style=\"font-weight: 400;\"><span style=\"font-weight: 400;\"><span style=\"font-weight: 400;\"><span style=\"font-weight: 400;\"><span style=\"font-weight: 400;\"><span style=\"font-weight: 400;\"><span style=\"font-weight: 400;\"><span style=\"font-weight: 400;\"><span style=\"font-weight: 400;\"><span style=\"font-weight: 400;\">La direcci\u00f3n de fotograf\u00eda de <b>Casi el Para\u00edso<\/b><span style=\"font-weight: 400;\"> estuvo a cargo de <b>Alejandro Cant\u00fa<\/b><span style=\"font-weight: 400;\">, AMC (<span style=\"font-weight: 400;\">Carm\u00edn Tropical, El Juego de las Llaves<span style=\"font-weight: 400;\">) quien utiliz\u00f3 dentro de su equipo de producci\u00f3n una c\u00e1mara <b>Alexa 35<\/b><span style=\"font-weight: 400;\"> estabilizada con una <b>Scorpio 38<\/b><span style=\"font-weight: 400;\">, <b>\u00f3pticas Cooke<\/b><span style=\"font-weight: 400;\"> y un<b> dise\u00f1o de iluminaci\u00f3n a base de Asteras<\/b><span style=\"font-weight: 400;\">.<\/span><\/span><\/span><\/span><\/span><\/span><\/span><\/span><\/span><\/span><\/span><\/span><\/span><\/span><\/span><\/span><\/span><\/span><\/span><\/span><\/span><\/span><\/p>\n<p><span style=\"font-weight: 400;\">La pel\u00edcula combina elementos cl\u00e1sicos de la novela original con una visi\u00f3n contempor\u00e1nea, abordando temas como el poder, la corrupci\u00f3n y el impacto de las redes sociales en la sociedad actual.<\/span><\/p>\n","protected":false},"excerpt":{"rendered":"<p>En 1956, Luis Spota escribi\u00f3 el primer gran best seller mexicano, Casi el Para\u00edso, como un intento de reflejar un M\u00e9xico marcado por la corrupci\u00f3n, el poder y la ambici\u00f3n. 68 a\u00f1os despu\u00e9s, la esperada [&hellip;]<\/p>\n","protected":false},"author":1,"featured_media":2542,"comment_status":"open","ping_status":"open","sticky":false,"template":"","format":"standard","meta":{"_acf_changed":false,"content-type":"","footnotes":""},"categories":[29],"tags":[],"class_list":["post-2541","post","type-post","status-publish","format-standard","has-post-thumbnail","hentry","category-noticias"],"acf":[],"yoast_head":"<!-- This site is optimized with the Yoast SEO plugin v22.8 - https:\/\/yoast.com\/wordpress\/plugins\/seo\/ -->\n<title>La coproducci\u00f3n de EFD \u201cCasi el Para\u00edso\u201d se estrena el 12 de septiembres en cines mexicanos | EFD Spain<\/title>\n<meta name=\"description\" content=\"La coproducci\u00f3n de EFD \u201cCasi el Para\u00edso\u201d se estrena el 12 de septiembre en cines mexicanos. No te pierdas esta historia. \u00a1M\u00e1s info aqu\u00ed!\" \/>\n<meta name=\"robots\" content=\"index, follow, max-snippet:-1, max-image-preview:large, max-video-preview:-1\" \/>\n<link rel=\"canonical\" href=\"https:\/\/efd-studios.com\/es\/actualidad\/la-coproduccion-de-efd-casi-el-paraiso-se-estrena-el-12-de-septiembres-en-cines-mexicanos\/\" \/>\n<meta property=\"og:locale\" content=\"es_ES\" \/>\n<meta property=\"og:type\" content=\"article\" \/>\n<meta property=\"og:title\" content=\"La coproducci\u00f3n de EFD \u201cCasi el Para\u00edso\u201d se estrena el 12 de septiembres en cines mexicanos | EFD Spain\" \/>\n<meta property=\"og:description\" content=\"La coproducci\u00f3n de EFD \u201cCasi el Para\u00edso\u201d se estrena el 12 de septiembre en cines mexicanos. No te pierdas esta historia. \u00a1M\u00e1s info aqu\u00ed!\" \/>\n<meta property=\"og:url\" content=\"https:\/\/efd-studios.com\/es\/actualidad\/la-coproduccion-de-efd-casi-el-paraiso-se-estrena-el-12-de-septiembres-en-cines-mexicanos\/\" \/>\n<meta property=\"og:site_name\" content=\"EFD Spain\" \/>\n<meta property=\"article:published_time\" content=\"2024-09-11T11:08:28+00:00\" \/>\n<meta property=\"article:modified_time\" content=\"2024-09-16T13:53:19+00:00\" \/>\n<meta property=\"og:image\" content=\"https:\/\/efd-studios.com\/es\/wp-content\/uploads\/sites\/5\/2024\/09\/Casi-el-Paraiso.jpg\" \/>\n\t<meta property=\"og:image:width\" content=\"1300\" \/>\n\t<meta property=\"og:image:height\" content=\"731\" \/>\n\t<meta property=\"og:image:type\" content=\"image\/jpeg\" \/>\n<meta name=\"author\" content=\"efd.dev.2024\" \/>\n<meta name=\"twitter:card\" content=\"summary_large_image\" \/>\n<meta name=\"twitter:label1\" content=\"Escrito por\" \/>\n\t<meta name=\"twitter:data1\" content=\"efd.dev.2024\" \/>\n\t<meta name=\"twitter:label2\" content=\"Tiempo de lectura\" \/>\n\t<meta name=\"twitter:data2\" content=\"2 minutos\" \/>\n<script type=\"application\/ld+json\" class=\"yoast-schema-graph\">{\"@context\":\"https:\/\/schema.org\",\"@graph\":[{\"@type\":\"WebPage\",\"@id\":\"https:\/\/efd-studios.com\/es\/actualidad\/la-coproduccion-de-efd-casi-el-paraiso-se-estrena-el-12-de-septiembres-en-cines-mexicanos\/\",\"url\":\"https:\/\/efd-studios.com\/es\/actualidad\/la-coproduccion-de-efd-casi-el-paraiso-se-estrena-el-12-de-septiembres-en-cines-mexicanos\/\",\"name\":\"La coproducci\u00f3n de EFD \u201cCasi el Para\u00edso\u201d se estrena el 12 de septiembres en cines mexicanos | EFD Spain\",\"isPartOf\":{\"@id\":\"https:\/\/efd-studios.com\/es\/#website\"},\"primaryImageOfPage\":{\"@id\":\"https:\/\/efd-studios.com\/es\/actualidad\/la-coproduccion-de-efd-casi-el-paraiso-se-estrena-el-12-de-septiembres-en-cines-mexicanos\/#primaryimage\"},\"image\":{\"@id\":\"https:\/\/efd-studios.com\/es\/actualidad\/la-coproduccion-de-efd-casi-el-paraiso-se-estrena-el-12-de-septiembres-en-cines-mexicanos\/#primaryimage\"},\"thumbnailUrl\":\"https:\/\/efd-studios.com\/es\/wp-content\/uploads\/sites\/5\/2024\/09\/Casi-el-Paraiso.jpg\",\"datePublished\":\"2024-09-11T11:08:28+00:00\",\"dateModified\":\"2024-09-16T13:53:19+00:00\",\"author\":{\"@id\":\"https:\/\/efd-studios.com\/es\/#\/schema\/person\/908f64013dbad48f442dbdbb5edd4403\"},\"description\":\"La coproducci\u00f3n de EFD \u201cCasi el Para\u00edso\u201d se estrena el 12 de septiembre en cines mexicanos. No te pierdas esta historia. \u00a1M\u00e1s info aqu\u00ed!\",\"breadcrumb\":{\"@id\":\"https:\/\/efd-studios.com\/es\/actualidad\/la-coproduccion-de-efd-casi-el-paraiso-se-estrena-el-12-de-septiembres-en-cines-mexicanos\/#breadcrumb\"},\"inLanguage\":\"es\",\"potentialAction\":[{\"@type\":\"ReadAction\",\"target\":[\"https:\/\/efd-studios.com\/es\/actualidad\/la-coproduccion-de-efd-casi-el-paraiso-se-estrena-el-12-de-septiembres-en-cines-mexicanos\/\"]}]},{\"@type\":\"ImageObject\",\"inLanguage\":\"es\",\"@id\":\"https:\/\/efd-studios.com\/es\/actualidad\/la-coproduccion-de-efd-casi-el-paraiso-se-estrena-el-12-de-septiembres-en-cines-mexicanos\/#primaryimage\",\"url\":\"https:\/\/efd-studios.com\/es\/wp-content\/uploads\/sites\/5\/2024\/09\/Casi-el-Paraiso.jpg\",\"contentUrl\":\"https:\/\/efd-studios.com\/es\/wp-content\/uploads\/sites\/5\/2024\/09\/Casi-el-Paraiso.jpg\",\"width\":1300,\"height\":731},{\"@type\":\"BreadcrumbList\",\"@id\":\"https:\/\/efd-studios.com\/es\/actualidad\/la-coproduccion-de-efd-casi-el-paraiso-se-estrena-el-12-de-septiembres-en-cines-mexicanos\/#breadcrumb\",\"itemListElement\":[{\"@type\":\"ListItem\",\"position\":1,\"name\":\"Inicio\",\"item\":\"https:\/\/efd-studios.com\/es\/\"},{\"@type\":\"ListItem\",\"position\":2,\"name\":\"Noticias\",\"item\":\"https:\/\/efd-studios.com\/es\/actualidad\/noticias\/\"},{\"@type\":\"ListItem\",\"position\":3,\"name\":\"La coproducci\u00f3n de EFD \u201cCasi el Para\u00edso\u201d se estrena el 12 de septiembres en cines mexicanos\"}]},{\"@type\":\"WebSite\",\"@id\":\"https:\/\/efd-studios.com\/es\/#website\",\"url\":\"https:\/\/efd-studios.com\/es\/\",\"name\":\"EFD Studios Spain\",\"description\":\"\",\"potentialAction\":[{\"@type\":\"SearchAction\",\"target\":{\"@type\":\"EntryPoint\",\"urlTemplate\":\"https:\/\/efd-studios.com\/es\/?s={search_term_string}\"},\"query-input\":\"required name=search_term_string\"}],\"inLanguage\":\"es\"},{\"@type\":\"Person\",\"@id\":\"https:\/\/efd-studios.com\/es\/#\/schema\/person\/908f64013dbad48f442dbdbb5edd4403\",\"name\":\"efd.dev.2024\",\"image\":{\"@type\":\"ImageObject\",\"inLanguage\":\"es\",\"@id\":\"https:\/\/efd-studios.com\/es\/#\/schema\/person\/image\/\",\"url\":\"https:\/\/secure.gravatar.com\/avatar\/496acbde84c5ddd68eee545abc42f8d39c699f9f98c7cd46236bc0cbee16db02?s=96&d=mm&r=g\",\"contentUrl\":\"https:\/\/secure.gravatar.com\/avatar\/496acbde84c5ddd68eee545abc42f8d39c699f9f98c7cd46236bc0cbee16db02?s=96&d=mm&r=g\",\"caption\":\"efd.dev.2024\"},\"sameAs\":[\"https:\/\/efd-studios.com\"]}]}<\/script>\n<!-- \/ Yoast SEO plugin. -->","yoast_head_json":{"title":"La coproducci\u00f3n de EFD \u201cCasi el Para\u00edso\u201d se estrena el 12 de septiembres en cines mexicanos | EFD Spain","description":"La coproducci\u00f3n de EFD \u201cCasi el Para\u00edso\u201d se estrena el 12 de septiembre en cines mexicanos. No te pierdas esta historia. \u00a1M\u00e1s info aqu\u00ed!","robots":{"index":"index","follow":"follow","max-snippet":"max-snippet:-1","max-image-preview":"max-image-preview:large","max-video-preview":"max-video-preview:-1"},"canonical":"https:\/\/efd-studios.com\/es\/actualidad\/la-coproduccion-de-efd-casi-el-paraiso-se-estrena-el-12-de-septiembres-en-cines-mexicanos\/","og_locale":"es_ES","og_type":"article","og_title":"La coproducci\u00f3n de EFD \u201cCasi el Para\u00edso\u201d se estrena el 12 de septiembres en cines mexicanos | EFD Spain","og_description":"La coproducci\u00f3n de EFD \u201cCasi el Para\u00edso\u201d se estrena el 12 de septiembre en cines mexicanos. No te pierdas esta historia. \u00a1M\u00e1s info aqu\u00ed!","og_url":"https:\/\/efd-studios.com\/es\/actualidad\/la-coproduccion-de-efd-casi-el-paraiso-se-estrena-el-12-de-septiembres-en-cines-mexicanos\/","og_site_name":"EFD Spain","article_published_time":"2024-09-11T11:08:28+00:00","article_modified_time":"2024-09-16T13:53:19+00:00","og_image":[{"width":1300,"height":731,"url":"https:\/\/efd-studios.com\/es\/wp-content\/uploads\/sites\/5\/2024\/09\/Casi-el-Paraiso.jpg","type":"image\/jpeg"}],"author":"efd.dev.2024","twitter_card":"summary_large_image","twitter_misc":{"Escrito por":"efd.dev.2024","Tiempo de lectura":"2 minutos"},"schema":{"@context":"https:\/\/schema.org","@graph":[{"@type":"WebPage","@id":"https:\/\/efd-studios.com\/es\/actualidad\/la-coproduccion-de-efd-casi-el-paraiso-se-estrena-el-12-de-septiembres-en-cines-mexicanos\/","url":"https:\/\/efd-studios.com\/es\/actualidad\/la-coproduccion-de-efd-casi-el-paraiso-se-estrena-el-12-de-septiembres-en-cines-mexicanos\/","name":"La coproducci\u00f3n de EFD \u201cCasi el Para\u00edso\u201d se estrena el 12 de septiembres en cines mexicanos | EFD Spain","isPartOf":{"@id":"https:\/\/efd-studios.com\/es\/#website"},"primaryImageOfPage":{"@id":"https:\/\/efd-studios.com\/es\/actualidad\/la-coproduccion-de-efd-casi-el-paraiso-se-estrena-el-12-de-septiembres-en-cines-mexicanos\/#primaryimage"},"image":{"@id":"https:\/\/efd-studios.com\/es\/actualidad\/la-coproduccion-de-efd-casi-el-paraiso-se-estrena-el-12-de-septiembres-en-cines-mexicanos\/#primaryimage"},"thumbnailUrl":"https:\/\/efd-studios.com\/es\/wp-content\/uploads\/sites\/5\/2024\/09\/Casi-el-Paraiso.jpg","datePublished":"2024-09-11T11:08:28+00:00","dateModified":"2024-09-16T13:53:19+00:00","author":{"@id":"https:\/\/efd-studios.com\/es\/#\/schema\/person\/908f64013dbad48f442dbdbb5edd4403"},"description":"La coproducci\u00f3n de EFD \u201cCasi el Para\u00edso\u201d se estrena el 12 de septiembre en cines mexicanos. No te pierdas esta historia. \u00a1M\u00e1s info aqu\u00ed!","breadcrumb":{"@id":"https:\/\/efd-studios.com\/es\/actualidad\/la-coproduccion-de-efd-casi-el-paraiso-se-estrena-el-12-de-septiembres-en-cines-mexicanos\/#breadcrumb"},"inLanguage":"es","potentialAction":[{"@type":"ReadAction","target":["https:\/\/efd-studios.com\/es\/actualidad\/la-coproduccion-de-efd-casi-el-paraiso-se-estrena-el-12-de-septiembres-en-cines-mexicanos\/"]}]},{"@type":"ImageObject","inLanguage":"es","@id":"https:\/\/efd-studios.com\/es\/actualidad\/la-coproduccion-de-efd-casi-el-paraiso-se-estrena-el-12-de-septiembres-en-cines-mexicanos\/#primaryimage","url":"https:\/\/efd-studios.com\/es\/wp-content\/uploads\/sites\/5\/2024\/09\/Casi-el-Paraiso.jpg","contentUrl":"https:\/\/efd-studios.com\/es\/wp-content\/uploads\/sites\/5\/2024\/09\/Casi-el-Paraiso.jpg","width":1300,"height":731},{"@type":"BreadcrumbList","@id":"https:\/\/efd-studios.com\/es\/actualidad\/la-coproduccion-de-efd-casi-el-paraiso-se-estrena-el-12-de-septiembres-en-cines-mexicanos\/#breadcrumb","itemListElement":[{"@type":"ListItem","position":1,"name":"Inicio","item":"https:\/\/efd-studios.com\/es\/"},{"@type":"ListItem","position":2,"name":"Noticias","item":"https:\/\/efd-studios.com\/es\/actualidad\/noticias\/"},{"@type":"ListItem","position":3,"name":"La coproducci\u00f3n de EFD \u201cCasi el Para\u00edso\u201d se estrena el 12 de septiembres en cines mexicanos"}]},{"@type":"WebSite","@id":"https:\/\/efd-studios.com\/es\/#website","url":"https:\/\/efd-studios.com\/es\/","name":"EFD Studios Spain","description":"","potentialAction":[{"@type":"SearchAction","target":{"@type":"EntryPoint","urlTemplate":"https:\/\/efd-studios.com\/es\/?s={search_term_string}"},"query-input":"required name=search_term_string"}],"inLanguage":"es"},{"@type":"Person","@id":"https:\/\/efd-studios.com\/es\/#\/schema\/person\/908f64013dbad48f442dbdbb5edd4403","name":"efd.dev.2024","image":{"@type":"ImageObject","inLanguage":"es","@id":"https:\/\/efd-studios.com\/es\/#\/schema\/person\/image\/","url":"https:\/\/secure.gravatar.com\/avatar\/496acbde84c5ddd68eee545abc42f8d39c699f9f98c7cd46236bc0cbee16db02?s=96&d=mm&r=g","contentUrl":"https:\/\/secure.gravatar.com\/avatar\/496acbde84c5ddd68eee545abc42f8d39c699f9f98c7cd46236bc0cbee16db02?s=96&d=mm&r=g","caption":"efd.dev.2024"},"sameAs":["https:\/\/efd-studios.com"]}]}},"_links":{"self":[{"href":"https:\/\/efd-studios.com\/es\/wp-json\/wp\/v2\/posts\/2541","targetHints":{"allow":["GET"]}}],"collection":[{"href":"https:\/\/efd-studios.com\/es\/wp-json\/wp\/v2\/posts"}],"about":[{"href":"https:\/\/efd-studios.com\/es\/wp-json\/wp\/v2\/types\/post"}],"author":[{"embeddable":true,"href":"https:\/\/efd-studios.com\/es\/wp-json\/wp\/v2\/users\/1"}],"replies":[{"embeddable":true,"href":"https:\/\/efd-studios.com\/es\/wp-json\/wp\/v2\/comments?post=2541"}],"version-history":[{"count":5,"href":"https:\/\/efd-studios.com\/es\/wp-json\/wp\/v2\/posts\/2541\/revisions"}],"predecessor-version":[{"id":2637,"href":"https:\/\/efd-studios.com\/es\/wp-json\/wp\/v2\/posts\/2541\/revisions\/2637"}],"wp:featuredmedia":[{"embeddable":true,"href":"https:\/\/efd-studios.com\/es\/wp-json\/wp\/v2\/media\/2542"}],"wp:attachment":[{"href":"https:\/\/efd-studios.com\/es\/wp-json\/wp\/v2\/media?parent=2541"}],"wp:term":[{"taxonomy":"category","embeddable":true,"href":"https:\/\/efd-studios.com\/es\/wp-json\/wp\/v2\/categories?post=2541"},{"taxonomy":"post_tag","embeddable":true,"href":"https:\/\/efd-studios.com\/es\/wp-json\/wp\/v2\/tags?post=2541"}],"curies":[{"name":"wp","href":"https:\/\/api.w.org\/{rel}","templated":true}]}}